{"id":7276,"date":"2025-01-21T15:46:25","date_gmt":"2025-01-21T14:46:25","guid":{"rendered":"https:\/\/deglace.tech\/?p=7276"},"modified":"2025-10-02T15:16:08","modified_gmt":"2025-10-02T14:16:08","slug":"laspirateur-fraction-dans-telematin-sur-france-2","status":"publish","type":"post","link":"https:\/\/deglace.tech\/en\/laspirateur-fraction-dans-telematin-sur-france-2\/","title":{"rendered":"Fraction Vacuum Cleaner on T\u00e9l\u00e9matin on France 2"},"content":{"rendered":"<div data-elementor-type=\"wp-post\" data-elementor-id=\"7276\" class=\"elementor elementor-7276\" data-elementor-post-type=\"post\">\n\t\t\t\t<div class=\"elementor-element elementor-element-1160ea1c e-flex e-con-boxed e-con e-parent\" data-id=\"1160ea1c\" data-element_type=\"container\">\n\t\t\t\t\t<div class=\"e-con-inner\">\n\t\t\t\t<div class=\"elementor-element elementor-element-be81f29 elementor-align-center elementor-widget elementor-widget-button\" data-id=\"be81f29\" data-element_type=\"widget\" data-widget_type=\"button.default\">\n\t\t\t\t<div class=\"elementor-widget-container\">\n\t\t\t\t\t<div class=\"elementor-button-wrapper\">\n\t\t\t<a class=\"elementor-button elementor-button-link elementor-size-sm\" href=\"https:\/\/www.youtube.com\/watch?v=NHfdj-QGJyg\">\n\t\t\t\t\t\t<span class=\"elementor-button-content-wrapper\">\n\t\t\t\t\t\t\t\t\t<span class=\"elementor-button-text\">Voir la vid\u00e9o<\/span>\n\t\t\t\t\t<\/span>\n\t\t\t\t\t<\/a>\n\t\t<\/div>\n\t\t\t\t<\/div>\n\t\t\t\t<\/div>\n\t\t\t\t<div class=\"elementor-element elementor-element-8692ba9 elementor-widget elementor-widget-text-editor\" data-id=\"8692ba9\" data-element_type=\"widget\" data-widget_type=\"text-editor.default\">\n\t\t\t\t<div class=\"elementor-widget-container\">\n\t\t\t\t\t\t\t<p><strong>Fraction : L\u2019aspirateur 100% r\u00e9parable pr\u00e9sent\u00e9 sur T\u00e9l\u00e9matin<\/strong><\/p>\n<p>Le 16 janvier 2025, l\u2019\u00e9mission T\u00e9l\u00e9matin sur France 2 a consacr\u00e9 un reportage \u00e0 un sujet d\u2019actualit\u00e9 br\u00fblant : l\u2019\u00e9lectrom\u00e9nager durable et r\u00e9parable. Pr\u00e9sent\u00e9 par Anicet Mbida aux c\u00f4t\u00e9s de Flavie Flament et Julien Arnaud, le d\u00e9bat a mis en lumi\u00e8re les enjeux environnementaux li\u00e9s \u00e0 l\u2019obsolescence programm\u00e9e et les solutions innovantes pour y r\u00e9pondre.<\/p>\n<p>Parmi les exemples les plus marquants, Fraction, notre aspirateur r\u00e9volutionnaire, a retenu l\u2019attention. Voici pourquoi il red\u00e9finit les standards de l\u2019\u00e9lectrom\u00e9nager.<\/p>\n<h4><strong>1. Un produit 100% r\u00e9parable<\/strong><\/h4>\n<p>Avec un <strong>indice de r\u00e9parabilit\u00e9 de 10\/10<\/strong>, Fraction est pens\u00e9 pour durer. Chaque pi\u00e8ce est facilement rempla\u00e7able sans outil, permettant de prolonger sa dur\u00e9e de vie tout en r\u00e9duisant les d\u00e9chets \u00e9lectroniques.<\/p>\n<h4><strong>2. Une modularit\u00e9 unique<\/strong><\/h4>\n<p>La conception modulaire de Fraction permet de d\u00e9monter et remplacer les composants en quelques gestes simples. Batterie, moteur, filtres\u2026 tout est accessible et rempla\u00e7able par l\u2019utilisateur.<\/p>\n<h4><strong>3. Une innovation intelligente<\/strong><\/h4>\n<p>Gr\u00e2ce \u00e0 son <strong>autodiagnostic int\u00e9gr\u00e9<\/strong>, Fraction identifie rapidement les \u00e9ventuelles pannes et indique pr\u00e9cis\u00e9ment quelle pi\u00e8ce n\u00e9cessite un entretien ou un remplacement.<\/p>\n<h4><strong>4. Une logistique pens\u00e9e pour le recyclage<\/strong><\/h4>\n<p>Nous avons imagin\u00e9 un syst\u00e8me de retour simplifi\u00e9 pour les modules usag\u00e9s. Chaque pi\u00e8ce d\u00e9fectueuse peut \u00eatre renvoy\u00e9e dans une bo\u00eete fournie, pr\u00eate \u00e0 \u00eatre recycl\u00e9e ou reconditionn\u00e9e.<br \/><br \/><strong><a href=\"https:\/\/www.youtube.com\/watch?v=NHfdj-QGJyg\" target=\"_blank\" rel=\"noopener\">Pour en savoir plus sur Fraction et sur les d\u00e9fis de l\u2019\u00e9lectrom\u00e9nager durable, d\u00e9couvrez le reportage diffus\u00e9 sur France 2.<\/a><\/strong><\/p>\n<p><!-- \/wp:paragraph --><\/p>\t\t\t\t\t\t<\/div>\n\t\t\t\t<\/div>\n\t\t\t\t<div class=\"elementor-element elementor-element-edce106 elementor-widget elementor-widget-image\" data-id=\"edce106\" data-element_type=\"widget\" data-widget_type=\"image.default\">\n\t\t\t\t<div class=\"elementor-widget-container\">\n\t\t\t\t\t\t\t\t\t\t\t\t\t\t<a href=\"https:\/\/www.youtube.com\/watch?v=NHfdj-QGJyg\" target=\"_blank\">\n\t\t\t\t\t\t\t<img fetchpriority=\"high\" decoding=\"async\" width=\"1024\" height=\"578\" src=\"https:\/\/deglace.tech\/wp-content\/uploads\/2025\/01\/Fraction-Telematin-France-2-2-1024x578.png\" class=\"attachment-large size-large wp-image-7279\" alt=\"\" srcset=\"https:\/\/deglace.tech\/wp-content\/uploads\/2025\/01\/Fraction-Telematin-France-2-2-1024x578.png 1024w, https:\/\/deglace.tech\/wp-content\/uploads\/2025\/01\/Fraction-Telematin-France-2-2-300x169.png 300w, https:\/\/deglace.tech\/wp-content\/uploads\/2025\/01\/Fraction-Telematin-France-2-2-768x433.png 768w, https:\/\/deglace.tech\/wp-content\/uploads\/2025\/01\/Fraction-Telematin-France-2-2-1536x867.png 1536w, https:\/\/deglace.tech\/wp-content\/uploads\/2025\/01\/Fraction-Telematin-France-2-2-2048x1155.png 2048w, https:\/\/deglace.tech\/wp-content\/uploads\/2025\/01\/Fraction-Telematin-France-2-2-18x10.png 18w, https:\/\/deglace.tech\/wp-content\/uploads\/2025\/01\/Fraction-Telematin-France-2-2-600x339.png 600w\" sizes=\"(max-width: 1024px) 100vw, 1024px\" \/>\t\t\t\t\t\t\t\t<\/a>\n\t\t\t\t\t\t\t\t\t\t\t\t\t<\/div>\n\t\t\t\t<\/div>\n\t\t\t\t<div class=\"elementor-element elementor-element-e3e376f elementor-widget elementor-widget-text-editor\" data-id=\"e3e376f\" data-element_type=\"widget\" data-widget_type=\"text-editor.default\">\n\t\t\t\t<div class=\"elementor-widget-container\">\n\t\t\t\t\t\t\t<p><!-- wp:paragraph --><\/p>\n<h4>Un enjeu environnemental de taille<\/h4>\n<p>Chaque ann\u00e9e, le monde produit plus de 62 millions de tonnes de d\u00e9chets \u00e9lectroniques, et ce chiffre pourrait atteindre 82 millions de tonnes d\u2019ici 2030. Les appareils \u00e9lectrom\u00e9nagers, en particulier les aspirateurs sans fil, figurent parmi les produits les moins r\u00e9parables.<\/p>\n<p>Fraction s\u2019inscrit dans une d\u00e9marche radicalement diff\u00e9rente, o\u00f9 la durabilit\u00e9 et la r\u00e9parabilit\u00e9 ne sont pas une option, mais un standard. En choisissant Fraction, les utilisateurs participent activement \u00e0 r\u00e9duire leur empreinte \u00e9cologique tout en b\u00e9n\u00e9ficiant d\u2019une performance in\u00e9gal\u00e9e.<\/p>\n<p><!-- \/wp:paragraph --><\/p>\t\t\t\t\t\t<\/div>\n\t\t\t\t<\/div>\n\t\t\t\t\t<\/div>\n\t\t\t\t<\/div>\n\t\t\t\t<\/div>","protected":false},"excerpt":{"rendered":"<p>Voir la vid\u00e9o Fraction : L\u2019aspirateur 100% r\u00e9parable pr\u00e9sent\u00e9 sur T\u00e9l\u00e9matin Le 16 janvier 2025, l\u2019\u00e9mission T\u00e9l\u00e9matin sur France 2 [&hellip;]<\/p>","protected":false},"author":9,"featured_media":7278,"comment_status":"closed","ping_status":"closed","sticky":false,"template":"","format":"standard","meta":{"_acf_changed":false,"site-sidebar-layout":"default","site-content-layout":"","ast-site-content-layout":"default","site-content-style":"default","site-sidebar-style":"default","ast-global-header-display":"","ast-banner-title-visibility":"","ast-main-header-display":"","ast-hfb-above-header-display":"","ast-hfb-below-header-display":"","ast-hfb-mobile-header-display":"","site-post-title":"","ast-breadcrumbs-content":"","ast-featured-img":"","footer-sml-layout":"","theme-transparent-header-meta":"default","adv-header-id-meta":"","stick-header-meta":"","header-above-stick-meta":"","header-main-stick-meta":"","header-below-stick-meta":"","astra-migrate-meta-layouts":"set","ast-page-background-enabled":"default","ast-page-background-meta":{"desktop":{"background-color":"var(--ast-global-color-4)","background-image":"","background-repeat":"repeat","background-position":"center center","background-size":"auto","background-attachment":"scroll","background-type":"","background-media":"","overlay-type":"","overlay-color":"","overlay-opacity":"","overlay-gradient":""},"tablet":{"background-color":"","background-image":"","background-repeat":"repeat","background-position":"center center","background-size":"auto","background-attachment":"scroll","background-type":"","background-media":"","overlay-type":"","overlay-color":"","overlay-opacity":"","overlay-gradient":""},"mobile":{"background-color":"","background-image":"","background-repeat":"repeat","background-position":"center center","background-size":"auto","background-attachment":"scroll","background-type":"","background-media":"","overlay-type":"","overlay-color":"","overlay-opacity":"","overlay-gradient":""}},"ast-content-background-meta":{"desktop":{"background-color":"var(--ast-global-color-5)","background-image":"","background-repeat":"repeat","background-position":"center center","background-size":"auto","background-attachment":"scroll","background-type":"","background-media":"","overlay-type":"","overlay-color":"","overlay-opacity":"","overlay-gradient":""},"tablet":{"background-color":"var(--ast-global-color-5)","background-image":"","background-repeat":"repeat","background-position":"center center","background-size":"auto","background-attachment":"scroll","background-type":"","background-media":"","overlay-type":"","overlay-color":"","overlay-opacity":"","overlay-gradient":""},"mobile":{"background-color":"var(--ast-global-color-5)","background-image":"","background-repeat":"repeat","background-position":"center center","background-size":"auto","background-attachment":"scroll","background-type":"","background-media":"","overlay-type":"","overlay-color":"","overlay-opacity":"","overlay-gradient":""}},"footnotes":""},"categories":[1,60,25],"tags":[],"class_list":["post-7276","post","type-post","status-publish","format-standard","has-post-thumbnail","hentry","category-actualites","category-nouvelles","category-presse"],"acf":[],"yoast_head":"<!-- This site is optimized with the Yoast SEO plugin v24.1 - https:\/\/yoast.com\/wordpress\/plugins\/seo\/ -->\n<title>L\u2019aspirateur Fraction dans T\u00e9l\u00e9matin sur France 2 - Deglace<\/title>\n<meta name=\"description\" content=\"2024 a \u00e9t\u00e9 une ann\u00e9e de transformation, marquant des \u00e9tapes cl\u00e9s pour Deglace et notre mission\" \/>\n<meta name=\"robots\" content=\"index, follow, max-snippet:-1, max-image-preview:large, max-video-preview:-1\" \/>\n<link rel=\"canonical\" href=\"https:\/\/deglace.tech\/en\/laspirateur-fraction-dans-telematin-sur-france-2\/\" \/>\n<meta property=\"og:locale\" content=\"en_GB\" \/>\n<meta property=\"og:type\" content=\"article\" \/>\n<meta property=\"og:title\" content=\"L\u2019aspirateur Fraction dans T\u00e9l\u00e9matin sur France 2 - Deglace\" \/>\n<meta property=\"og:description\" content=\"2024 a \u00e9t\u00e9 une ann\u00e9e de transformation, marquant des \u00e9tapes cl\u00e9s pour Deglace et notre mission\" \/>\n<meta property=\"og:url\" content=\"https:\/\/deglace.tech\/en\/laspirateur-fraction-dans-telematin-sur-france-2\/\" \/>\n<meta property=\"og:site_name\" content=\"Deglace\" \/>\n<meta property=\"article:publisher\" content=\"https:\/\/www.facebook.com\/profile.php?id=61553582349744\" \/>\n<meta property=\"article:published_time\" content=\"2025-01-21T14:46:25+00:00\" \/>\n<meta property=\"article:modified_time\" content=\"2025-10-02T14:16:08+00:00\" \/>\n<meta property=\"og:image\" content=\"https:\/\/deglace.tech\/wp-content\/uploads\/2025\/01\/Fraction-Telematin-France-2-1024x575.png\" \/>\n\t<meta property=\"og:image:width\" content=\"1024\" \/>\n\t<meta property=\"og:image:height\" content=\"575\" \/>\n\t<meta property=\"og:image:type\" content=\"image\/png\" \/>\n<meta name=\"author\" content=\"Aicha\" \/>\n<meta name=\"twitter:card\" content=\"summary_large_image\" \/>\n<meta name=\"twitter:label1\" content=\"Written by\" \/>\n\t<meta name=\"twitter:data1\" content=\"Aicha\" \/>\n\t<meta name=\"twitter:label2\" content=\"Estimated reading time\" \/>\n\t<meta name=\"twitter:data2\" content=\"2 minutes\" \/>\n<script type=\"application\/ld+json\" class=\"yoast-schema-graph\">{\"@context\":\"https:\/\/schema.org\",\"@graph\":[{\"@type\":\"Article\",\"@id\":\"https:\/\/deglace.tech\/laspirateur-fraction-dans-telematin-sur-france-2\/#article\",\"isPartOf\":{\"@id\":\"https:\/\/deglace.tech\/laspirateur-fraction-dans-telematin-sur-france-2\/\"},\"author\":{\"name\":\"Aicha\",\"@id\":\"https:\/\/deglace.tech\/#\/schema\/person\/61e172957785c8334055a7b262e43f51\"},\"headline\":\"L\u2019aspirateur Fraction dans T\u00e9l\u00e9matin sur France 2\",\"datePublished\":\"2025-01-21T14:46:25+00:00\",\"dateModified\":\"2025-10-02T14:16:08+00:00\",\"mainEntityOfPage\":{\"@id\":\"https:\/\/deglace.tech\/laspirateur-fraction-dans-telematin-sur-france-2\/\"},\"wordCount\":381,\"publisher\":{\"@id\":\"https:\/\/deglace.tech\/#organization\"},\"image\":{\"@id\":\"https:\/\/deglace.tech\/laspirateur-fraction-dans-telematin-sur-france-2\/#primaryimage\"},\"thumbnailUrl\":\"https:\/\/deglace.tech\/wp-content\/uploads\/2025\/01\/Fraction-Telematin-France-2.png\",\"articleSection\":[\"Actualit\u00e9s\",\"Nouvelles\",\"Presse\"],\"inLanguage\":\"en-GB\"},{\"@type\":\"WebPage\",\"@id\":\"https:\/\/deglace.tech\/laspirateur-fraction-dans-telematin-sur-france-2\/\",\"url\":\"https:\/\/deglace.tech\/laspirateur-fraction-dans-telematin-sur-france-2\/\",\"name\":\"L\u2019aspirateur Fraction dans T\u00e9l\u00e9matin sur France 2 - Deglace\",\"isPartOf\":{\"@id\":\"https:\/\/deglace.tech\/#website\"},\"primaryImageOfPage\":{\"@id\":\"https:\/\/deglace.tech\/laspirateur-fraction-dans-telematin-sur-france-2\/#primaryimage\"},\"image\":{\"@id\":\"https:\/\/deglace.tech\/laspirateur-fraction-dans-telematin-sur-france-2\/#primaryimage\"},\"thumbnailUrl\":\"https:\/\/deglace.tech\/wp-content\/uploads\/2025\/01\/Fraction-Telematin-France-2.png\",\"datePublished\":\"2025-01-21T14:46:25+00:00\",\"dateModified\":\"2025-10-02T14:16:08+00:00\",\"description\":\"2024 a \u00e9t\u00e9 une ann\u00e9e de transformation, marquant des \u00e9tapes cl\u00e9s pour Deglace et notre mission\",\"breadcrumb\":{\"@id\":\"https:\/\/deglace.tech\/laspirateur-fraction-dans-telematin-sur-france-2\/#breadcrumb\"},\"inLanguage\":\"en-GB\",\"potentialAction\":[{\"@type\":\"ReadAction\",\"target\":[\"https:\/\/deglace.tech\/laspirateur-fraction-dans-telematin-sur-france-2\/\"]}]},{\"@type\":\"ImageObject\",\"inLanguage\":\"en-GB\",\"@id\":\"https:\/\/deglace.tech\/laspirateur-fraction-dans-telematin-sur-france-2\/#primaryimage\",\"url\":\"https:\/\/deglace.tech\/wp-content\/uploads\/2025\/01\/Fraction-Telematin-France-2.png\",\"contentUrl\":\"https:\/\/deglace.tech\/wp-content\/uploads\/2025\/01\/Fraction-Telematin-France-2.png\",\"width\":3012,\"height\":1690},{\"@type\":\"BreadcrumbList\",\"@id\":\"https:\/\/deglace.tech\/laspirateur-fraction-dans-telematin-sur-france-2\/#breadcrumb\",\"itemListElement\":[{\"@type\":\"ListItem\",\"position\":1,\"name\":\"Accueil\",\"item\":\"https:\/\/deglace.tech\/\"},{\"@type\":\"ListItem\",\"position\":2,\"name\":\"L\u2019aspirateur Fraction dans T\u00e9l\u00e9matin sur France 2\"}]},{\"@type\":\"WebSite\",\"@id\":\"https:\/\/deglace.tech\/#website\",\"url\":\"https:\/\/deglace.tech\/\",\"name\":\"Deglace\",\"description\":\"Power within your hands\",\"publisher\":{\"@id\":\"https:\/\/deglace.tech\/#organization\"},\"potentialAction\":[{\"@type\":\"SearchAction\",\"target\":{\"@type\":\"EntryPoint\",\"urlTemplate\":\"https:\/\/deglace.tech\/?s={search_term_string}\"},\"query-input\":{\"@type\":\"PropertyValueSpecification\",\"valueRequired\":true,\"valueName\":\"search_term_string\"}}],\"inLanguage\":\"en-GB\"},{\"@type\":\"Organization\",\"@id\":\"https:\/\/deglace.tech\/#organization\",\"name\":\"Deglace\",\"url\":\"https:\/\/deglace.tech\/\",\"logo\":{\"@type\":\"ImageObject\",\"inLanguage\":\"en-GB\",\"@id\":\"https:\/\/deglace.tech\/#\/schema\/logo\/image\/\",\"url\":\"https:\/\/deglace.tech\/wp-content\/uploads\/2024\/10\/DEGLACE-LOGO-BLACK-2025.png\",\"contentUrl\":\"https:\/\/deglace.tech\/wp-content\/uploads\/2024\/10\/DEGLACE-LOGO-BLACK-2025.png\",\"width\":500,\"height\":112,\"caption\":\"Deglace\"},\"image\":{\"@id\":\"https:\/\/deglace.tech\/#\/schema\/logo\/image\/\"},\"sameAs\":[\"https:\/\/www.facebook.com\/profile.php?id=61553582349744\",\"https:\/\/www.instagram.com\/deglace.tech\/\",\"https:\/\/www.linkedin.com\/company\/deglace\/?originalSubdomain=fr\"]},{\"@type\":\"Person\",\"@id\":\"https:\/\/deglace.tech\/#\/schema\/person\/61e172957785c8334055a7b262e43f51\",\"name\":\"Aicha\",\"url\":\"https:\/\/deglace.tech\/en\/author\/aicha\/\"}]}<\/script>\n<!-- \/ Yoast SEO plugin. -->","yoast_head_json":{"title":"L\u2019aspirateur Fraction dans T\u00e9l\u00e9matin sur France 2 - Deglace","description":"2024 a \u00e9t\u00e9 une ann\u00e9e de transformation, marquant des \u00e9tapes cl\u00e9s pour Deglace et notre mission","robots":{"index":"index","follow":"follow","max-snippet":"max-snippet:-1","max-image-preview":"max-image-preview:large","max-video-preview":"max-video-preview:-1"},"canonical":"https:\/\/deglace.tech\/en\/laspirateur-fraction-dans-telematin-sur-france-2\/","og_locale":"en_GB","og_type":"article","og_title":"L\u2019aspirateur Fraction dans T\u00e9l\u00e9matin sur France 2 - Deglace","og_description":"2024 a \u00e9t\u00e9 une ann\u00e9e de transformation, marquant des \u00e9tapes cl\u00e9s pour Deglace et notre mission","og_url":"https:\/\/deglace.tech\/en\/laspirateur-fraction-dans-telematin-sur-france-2\/","og_site_name":"Deglace","article_publisher":"https:\/\/www.facebook.com\/profile.php?id=61553582349744","article_published_time":"2025-01-21T14:46:25+00:00","article_modified_time":"2025-10-02T14:16:08+00:00","og_image":[{"width":1024,"height":575,"url":"https:\/\/deglace.tech\/wp-content\/uploads\/2025\/01\/Fraction-Telematin-France-2-1024x575.png","type":"image\/png"}],"author":"Aicha","twitter_card":"summary_large_image","twitter_misc":{"Written by":"Aicha","Estimated reading time":"2 minutes"},"schema":{"@context":"https:\/\/schema.org","@graph":[{"@type":"Article","@id":"https:\/\/deglace.tech\/laspirateur-fraction-dans-telematin-sur-france-2\/#article","isPartOf":{"@id":"https:\/\/deglace.tech\/laspirateur-fraction-dans-telematin-sur-france-2\/"},"author":{"name":"Aicha","@id":"https:\/\/deglace.tech\/#\/schema\/person\/61e172957785c8334055a7b262e43f51"},"headline":"L\u2019aspirateur Fraction dans T\u00e9l\u00e9matin sur France 2","datePublished":"2025-01-21T14:46:25+00:00","dateModified":"2025-10-02T14:16:08+00:00","mainEntityOfPage":{"@id":"https:\/\/deglace.tech\/laspirateur-fraction-dans-telematin-sur-france-2\/"},"wordCount":381,"publisher":{"@id":"https:\/\/deglace.tech\/#organization"},"image":{"@id":"https:\/\/deglace.tech\/laspirateur-fraction-dans-telematin-sur-france-2\/#primaryimage"},"thumbnailUrl":"https:\/\/deglace.tech\/wp-content\/uploads\/2025\/01\/Fraction-Telematin-France-2.png","articleSection":["Actualit\u00e9s","Nouvelles","Presse"],"inLanguage":"en-GB"},{"@type":"WebPage","@id":"https:\/\/deglace.tech\/laspirateur-fraction-dans-telematin-sur-france-2\/","url":"https:\/\/deglace.tech\/laspirateur-fraction-dans-telematin-sur-france-2\/","name":"L\u2019aspirateur Fraction dans T\u00e9l\u00e9matin sur France 2 - Deglace","isPartOf":{"@id":"https:\/\/deglace.tech\/#website"},"primaryImageOfPage":{"@id":"https:\/\/deglace.tech\/laspirateur-fraction-dans-telematin-sur-france-2\/#primaryimage"},"image":{"@id":"https:\/\/deglace.tech\/laspirateur-fraction-dans-telematin-sur-france-2\/#primaryimage"},"thumbnailUrl":"https:\/\/deglace.tech\/wp-content\/uploads\/2025\/01\/Fraction-Telematin-France-2.png","datePublished":"2025-01-21T14:46:25+00:00","dateModified":"2025-10-02T14:16:08+00:00","description":"2024 a \u00e9t\u00e9 une ann\u00e9e de transformation, marquant des \u00e9tapes cl\u00e9s pour Deglace et notre mission","breadcrumb":{"@id":"https:\/\/deglace.tech\/laspirateur-fraction-dans-telematin-sur-france-2\/#breadcrumb"},"inLanguage":"en-GB","potentialAction":[{"@type":"ReadAction","target":["https:\/\/deglace.tech\/laspirateur-fraction-dans-telematin-sur-france-2\/"]}]},{"@type":"ImageObject","inLanguage":"en-GB","@id":"https:\/\/deglace.tech\/laspirateur-fraction-dans-telematin-sur-france-2\/#primaryimage","url":"https:\/\/deglace.tech\/wp-content\/uploads\/2025\/01\/Fraction-Telematin-France-2.png","contentUrl":"https:\/\/deglace.tech\/wp-content\/uploads\/2025\/01\/Fraction-Telematin-France-2.png","width":3012,"height":1690},{"@type":"BreadcrumbList","@id":"https:\/\/deglace.tech\/laspirateur-fraction-dans-telematin-sur-france-2\/#breadcrumb","itemListElement":[{"@type":"ListItem","position":1,"name":"Accueil","item":"https:\/\/deglace.tech\/"},{"@type":"ListItem","position":2,"name":"L\u2019aspirateur Fraction dans T\u00e9l\u00e9matin sur France 2"}]},{"@type":"WebSite","@id":"https:\/\/deglace.tech\/#website","url":"https:\/\/deglace.tech\/","name":"Deglace","description":"Power within your hands","publisher":{"@id":"https:\/\/deglace.tech\/#organization"},"potentialAction":[{"@type":"SearchAction","target":{"@type":"EntryPoint","urlTemplate":"https:\/\/deglace.tech\/?s={search_term_string}"},"query-input":{"@type":"PropertyValueSpecification","valueRequired":true,"valueName":"search_term_string"}}],"inLanguage":"en-GB"},{"@type":"Organization","@id":"https:\/\/deglace.tech\/#organization","name":"Deglace","url":"https:\/\/deglace.tech\/","logo":{"@type":"ImageObject","inLanguage":"en-GB","@id":"https:\/\/deglace.tech\/#\/schema\/logo\/image\/","url":"https:\/\/deglace.tech\/wp-content\/uploads\/2024\/10\/DEGLACE-LOGO-BLACK-2025.png","contentUrl":"https:\/\/deglace.tech\/wp-content\/uploads\/2024\/10\/DEGLACE-LOGO-BLACK-2025.png","width":500,"height":112,"caption":"Deglace"},"image":{"@id":"https:\/\/deglace.tech\/#\/schema\/logo\/image\/"},"sameAs":["https:\/\/www.facebook.com\/profile.php?id=61553582349744","https:\/\/www.instagram.com\/deglace.tech\/","https:\/\/www.linkedin.com\/company\/deglace\/?originalSubdomain=fr"]},{"@type":"Person","@id":"https:\/\/deglace.tech\/#\/schema\/person\/61e172957785c8334055a7b262e43f51","name":"Aicha","url":"https:\/\/deglace.tech\/en\/author\/aicha\/"}]}},"_links":{"self":[{"href":"https:\/\/deglace.tech\/en\/wp-json\/wp\/v2\/posts\/7276","targetHints":{"allow":["GET"]}}],"collection":[{"href":"https:\/\/deglace.tech\/en\/wp-json\/wp\/v2\/posts"}],"about":[{"href":"https:\/\/deglace.tech\/en\/wp-json\/wp\/v2\/types\/post"}],"author":[{"embeddable":true,"href":"https:\/\/deglace.tech\/en\/wp-json\/wp\/v2\/users\/9"}],"replies":[{"embeddable":true,"href":"https:\/\/deglace.tech\/en\/wp-json\/wp\/v2\/comments?post=7276"}],"version-history":[{"count":43,"href":"https:\/\/deglace.tech\/en\/wp-json\/wp\/v2\/posts\/7276\/revisions"}],"predecessor-version":[{"id":8724,"href":"https:\/\/deglace.tech\/en\/wp-json\/wp\/v2\/posts\/7276\/revisions\/8724"}],"wp:featuredmedia":[{"embeddable":true,"href":"https:\/\/deglace.tech\/en\/wp-json\/wp\/v2\/media\/7278"}],"wp:attachment":[{"href":"https:\/\/deglace.tech\/en\/wp-json\/wp\/v2\/media?parent=7276"}],"wp:term":[{"taxonomy":"category","embeddable":true,"href":"https:\/\/deglace.tech\/en\/wp-json\/wp\/v2\/categories?post=7276"},{"taxonomy":"post_tag","embeddable":true,"href":"https:\/\/deglace.tech\/en\/wp-json\/wp\/v2\/tags?post=7276"}],"curies":[{"name":"wp","href":"https:\/\/api.w.org\/{rel}","templated":true}]}}