{"id":7050,"date":"2024-11-27T18:22:32","date_gmt":"2024-11-27T17:22:32","guid":{"rendered":"https:\/\/deglace.tech\/?p=7050"},"modified":"2025-06-01T17:32:32","modified_gmt":"2025-06-01T16:32:32","slug":"retour-du-salon-du-made-in-france-2024","status":"publish","type":"post","link":"https:\/\/deglace.tech\/en\/retour-du-salon-du-made-in-france-2024\/","title":{"rendered":"Returning from the 2024 Made in France Trade Show"},"content":{"rendered":"<div data-elementor-type=\"wp-post\" data-elementor-id=\"7050\" class=\"elementor elementor-7050\" data-elementor-post-type=\"post\">\n\t\t\t\t<div class=\"elementor-element elementor-element-1160ea1c e-flex e-con-boxed e-con e-parent\" data-id=\"1160ea1c\" data-element_type=\"container\">\n\t\t\t\t\t<div class=\"e-con-inner\">\n\t\t\t\t<div class=\"elementor-element elementor-element-8692ba9 elementor-widget elementor-widget-text-editor\" data-id=\"8692ba9\" data-element_type=\"widget\" data-widget_type=\"text-editor.default\">\n\t\t\t\t<div class=\"elementor-widget-container\">\n\t\t\t\t\t\t\t<p><!-- wp:paragraph --><\/p>\n<p class=\"p1\">Du 8 au 11 novembre, l\u2019\u00e9quipe de Deglace \u00e9tait pr\u00e9sente au salon du Made in France pour partager l\u2019histoire de\u00a0<strong>Fraction\u00a0<\/strong>et notre vision d\u2019un \u00e9lectrom\u00e9nager performant, durable, pens\u00e9 pour \u00e9voluer avec vous.\u00a0<br \/>Nous avons eu le plaisir de rencontrer des centaines de visiteurs \u2013 utilisateurs, clients, investisseurs \u2013 et de discuter avec vous de notre engagement en faveur d\u2019une innovation responsable et d\u2019une durabilit\u00e9 sans compromis.<\/p>\n<p><!-- \/wp:paragraph --><\/p>\t\t\t\t\t\t<\/div>\n\t\t\t\t<\/div>\n\t\t\t\t<div class=\"elementor-element elementor-element-852ad99 elementor-widget elementor-widget-image\" data-id=\"852ad99\" data-element_type=\"widget\" data-widget_type=\"image.default\">\n\t\t\t\t<div class=\"elementor-widget-container\">\n\t\t\t\t\t\t\t\t\t\t\t\t\t<img fetchpriority=\"high\" decoding=\"async\" width=\"1024\" height=\"683\" src=\"https:\/\/deglace.tech\/wp-content\/uploads\/2024\/11\/Salon-du-Made-in-France-2024-Deglace-2-1024x683.jpg\" class=\"attachment-large size-large wp-image-7053\" alt=\"\" srcset=\"https:\/\/deglace.tech\/wp-content\/uploads\/2024\/11\/Salon-du-Made-in-France-2024-Deglace-2-1024x683.jpg 1024w, https:\/\/deglace.tech\/wp-content\/uploads\/2024\/11\/Salon-du-Made-in-France-2024-Deglace-2-300x200.jpg 300w, https:\/\/deglace.tech\/wp-content\/uploads\/2024\/11\/Salon-du-Made-in-France-2024-Deglace-2-768x512.jpg 768w, https:\/\/deglace.tech\/wp-content\/uploads\/2024\/11\/Salon-du-Made-in-France-2024-Deglace-2-1536x1024.jpg 1536w, https:\/\/deglace.tech\/wp-content\/uploads\/2024\/11\/Salon-du-Made-in-France-2024-Deglace-2-18x12.jpg 18w, https:\/\/deglace.tech\/wp-content\/uploads\/2024\/11\/Salon-du-Made-in-France-2024-Deglace-2-600x400.jpg 600w, https:\/\/deglace.tech\/wp-content\/uploads\/2024\/11\/Salon-du-Made-in-France-2024-Deglace-2.jpg 1602w\" sizes=\"(max-width: 1024px) 100vw, 1024px\" \/>\t\t\t\t\t\t\t\t\t\t\t\t\t<\/div>\n\t\t\t\t<\/div>\n\t\t\t\t<div class=\"elementor-element elementor-element-fbfbbc7 elementor-widget elementor-widget-text-editor\" data-id=\"fbfbbc7\" data-element_type=\"widget\" data-widget_type=\"text-editor.default\">\n\t\t\t\t<div class=\"elementor-widget-container\">\n\t\t\t\t\t\t\t<p><!-- wp:paragraph --><\/p>\n<p>Un grand merci \u00e0 tous ceux qui sont pass\u00e9s nous voir ! Les discussions, vos retours enthousiastes, et les \u00e9changes autour de notre engagement pour une consommation plus responsable nous ont profond\u00e9ment motiv\u00e9s.<\/p>\n<p>Nous remercions \u00e9galement les Early Adopters qui ont profit\u00e9 de l\u2019\u00e9v\u00e9nement pour pr\u00e9commander Fraction. Vous \u00eates les pionniers d\u2019une r\u00e9volution dans l\u2019\u00e9lectrom\u00e9nager, et nous sommes honor\u00e9s de vous compter parmi nos premiers utilisateurs.<\/p>\n<p>Pour ceux qui n\u2019ont pas encore saut\u00e9 le pas, il est encore temps de rejoindre l\u2019aventure !\u00a0<\/p>\n<p><!-- \/wp:paragraph --><\/p>\t\t\t\t\t\t<\/div>\n\t\t\t\t<\/div>\n\t\t\t\t\t<\/div>\n\t\t\t\t<\/div>\n\t\t\t\t<\/div>","protected":false},"excerpt":{"rendered":"<p>Du 8 au 11 novembre, l\u2019\u00e9quipe de Deglace \u00e9tait pr\u00e9sente au salon du Made in France pour partager l\u2019histoire de\u00a0Fraction\u00a0et [&hellip;]<\/p>","protected":false},"author":9,"featured_media":7051,"comment_status":"closed","ping_status":"closed","sticky":false,"template":"","format":"standard","meta":{"_acf_changed":false,"site-sidebar-layout":"default","site-content-layout":"","ast-site-content-layout":"default","site-content-style":"default","site-sidebar-style":"default","ast-global-header-display":"","ast-banner-title-visibility":"","ast-main-header-display":"","ast-hfb-above-header-display":"","ast-hfb-below-header-display":"","ast-hfb-mobile-header-display":"","site-post-title":"","ast-breadcrumbs-content":"","ast-featured-img":"","footer-sml-layout":"","theme-transparent-header-meta":"default","adv-header-id-meta":"","stick-header-meta":"","header-above-stick-meta":"","header-main-stick-meta":"","header-below-stick-meta":"","astra-migrate-meta-layouts":"set","ast-page-background-enabled":"default","ast-page-background-meta":{"desktop":{"background-color":"var(--ast-global-color-4)","background-image":"","background-repeat":"repeat","background-position":"center center","background-size":"auto","background-attachment":"scroll","background-type":"","background-media":"","overlay-type":"","overlay-color":"","overlay-opacity":"","overlay-gradient":""},"tablet":{"background-color":"","background-image":"","background-repeat":"repeat","background-position":"center center","background-size":"auto","background-attachment":"scroll","background-type":"","background-media":"","overlay-type":"","overlay-color":"","overlay-opacity":"","overlay-gradient":""},"mobile":{"background-color":"","background-image":"","background-repeat":"repeat","background-position":"center center","background-size":"auto","background-attachment":"scroll","background-type":"","background-media":"","overlay-type":"","overlay-color":"","overlay-opacity":"","overlay-gradient":""}},"ast-content-background-meta":{"desktop":{"background-color":"var(--ast-global-color-5)","background-image":"","background-repeat":"repeat","background-position":"center center","background-size":"auto","background-attachment":"scroll","background-type":"","background-media":"","overlay-type":"","overlay-color":"","overlay-opacity":"","overlay-gradient":""},"tablet":{"background-color":"var(--ast-global-color-5)","background-image":"","background-repeat":"repeat","background-position":"center center","background-size":"auto","background-attachment":"scroll","background-type":"","background-media":"","overlay-type":"","overlay-color":"","overlay-opacity":"","overlay-gradient":""},"mobile":{"background-color":"var(--ast-global-color-5)","background-image":"","background-repeat":"repeat","background-position":"center center","background-size":"auto","background-attachment":"scroll","background-type":"","background-media":"","overlay-type":"","overlay-color":"","overlay-opacity":"","overlay-gradient":""}},"footnotes":""},"categories":[1,60],"tags":[],"class_list":["post-7050","post","type-post","status-publish","format-standard","has-post-thumbnail","hentry","category-actualites","category-nouvelles"],"acf":[],"yoast_head":"<!-- This site is optimized with the Yoast SEO plugin v24.1 - https:\/\/yoast.com\/wordpress\/plugins\/seo\/ -->\n<title>Retour du Salon du Made in France 2024 - Deglace<\/title>\n<meta name=\"description\" content=\"Deglace au salon du Made in France 2024 pour pr\u00e9senter l&#039;aspirateur Fraction, con\u00e7u pour ne jamais \u00eatre remplac\u00e9.\" \/>\n<meta name=\"robots\" content=\"index, follow, max-snippet:-1, max-image-preview:large, max-video-preview:-1\" \/>\n<link rel=\"canonical\" href=\"https:\/\/deglace.tech\/en\/retour-du-salon-du-made-in-france-2024\/\" \/>\n<meta property=\"og:locale\" content=\"en_GB\" \/>\n<meta property=\"og:type\" content=\"article\" \/>\n<meta property=\"og:title\" content=\"Retour du Salon du Made in France 2024 - Deglace\" \/>\n<meta property=\"og:description\" content=\"Deglace au salon du Made in France 2024 pour pr\u00e9senter l&#039;aspirateur Fraction, con\u00e7u pour ne jamais \u00eatre remplac\u00e9.\" \/>\n<meta property=\"og:url\" content=\"https:\/\/deglace.tech\/en\/retour-du-salon-du-made-in-france-2024\/\" \/>\n<meta property=\"og:site_name\" content=\"Deglace\" \/>\n<meta property=\"article:publisher\" content=\"https:\/\/www.facebook.com\/profile.php?id=61553582349744\" \/>\n<meta property=\"article:published_time\" content=\"2024-11-27T17:22:32+00:00\" \/>\n<meta property=\"article:modified_time\" content=\"2025-06-01T16:32:32+00:00\" \/>\n<meta property=\"og:image\" content=\"https:\/\/deglace.tech\/wp-content\/uploads\/2024\/11\/673a393c43950e76339ef111-scaled.jpg\" \/>\n\t<meta property=\"og:image:width\" content=\"1920\" \/>\n\t<meta property=\"og:image:height\" content=\"2560\" \/>\n\t<meta property=\"og:image:type\" content=\"image\/jpeg\" \/>\n<meta name=\"author\" content=\"Aicha\" \/>\n<meta name=\"twitter:card\" content=\"summary_large_image\" \/>\n<meta name=\"twitter:label1\" content=\"Written by\" \/>\n\t<meta name=\"twitter:data1\" content=\"Aicha\" \/>\n\t<meta name=\"twitter:label2\" content=\"Estimated reading time\" \/>\n\t<meta name=\"twitter:data2\" content=\"2 minutes\" \/>\n<script type=\"application\/ld+json\" class=\"yoast-schema-graph\">{\"@context\":\"https:\/\/schema.org\",\"@graph\":[{\"@type\":\"Article\",\"@id\":\"https:\/\/deglace.tech\/retour-du-salon-du-made-in-france-2024\/#article\",\"isPartOf\":{\"@id\":\"https:\/\/deglace.tech\/retour-du-salon-du-made-in-france-2024\/\"},\"author\":{\"name\":\"Aicha\",\"@id\":\"https:\/\/deglace.tech\/#\/schema\/person\/61e172957785c8334055a7b262e43f51\"},\"headline\":\"Retour du Salon du Made in France 2024\",\"datePublished\":\"2024-11-27T17:22:32+00:00\",\"dateModified\":\"2025-06-01T16:32:32+00:00\",\"mainEntityOfPage\":{\"@id\":\"https:\/\/deglace.tech\/retour-du-salon-du-made-in-france-2024\/\"},\"wordCount\":170,\"publisher\":{\"@id\":\"https:\/\/deglace.tech\/#organization\"},\"image\":{\"@id\":\"https:\/\/deglace.tech\/retour-du-salon-du-made-in-france-2024\/#primaryimage\"},\"thumbnailUrl\":\"https:\/\/deglace.tech\/wp-content\/uploads\/2024\/11\/673a393c43950e76339ef111-scaled.jpg\",\"articleSection\":[\"Actualit\u00e9s\",\"Nouvelles\"],\"inLanguage\":\"en-GB\"},{\"@type\":\"WebPage\",\"@id\":\"https:\/\/deglace.tech\/retour-du-salon-du-made-in-france-2024\/\",\"url\":\"https:\/\/deglace.tech\/retour-du-salon-du-made-in-france-2024\/\",\"name\":\"Retour du Salon du Made in France 2024 - Deglace\",\"isPartOf\":{\"@id\":\"https:\/\/deglace.tech\/#website\"},\"primaryImageOfPage\":{\"@id\":\"https:\/\/deglace.tech\/retour-du-salon-du-made-in-france-2024\/#primaryimage\"},\"image\":{\"@id\":\"https:\/\/deglace.tech\/retour-du-salon-du-made-in-france-2024\/#primaryimage\"},\"thumbnailUrl\":\"https:\/\/deglace.tech\/wp-content\/uploads\/2024\/11\/673a393c43950e76339ef111-scaled.jpg\",\"datePublished\":\"2024-11-27T17:22:32+00:00\",\"dateModified\":\"2025-06-01T16:32:32+00:00\",\"description\":\"Deglace au salon du Made in France 2024 pour pr\u00e9senter l'aspirateur Fraction, con\u00e7u pour ne jamais \u00eatre remplac\u00e9.\",\"breadcrumb\":{\"@id\":\"https:\/\/deglace.tech\/retour-du-salon-du-made-in-france-2024\/#breadcrumb\"},\"inLanguage\":\"en-GB\",\"potentialAction\":[{\"@type\":\"ReadAction\",\"target\":[\"https:\/\/deglace.tech\/retour-du-salon-du-made-in-france-2024\/\"]}]},{\"@type\":\"ImageObject\",\"inLanguage\":\"en-GB\",\"@id\":\"https:\/\/deglace.tech\/retour-du-salon-du-made-in-france-2024\/#primaryimage\",\"url\":\"https:\/\/deglace.tech\/wp-content\/uploads\/2024\/11\/673a393c43950e76339ef111-scaled.jpg\",\"contentUrl\":\"https:\/\/deglace.tech\/wp-content\/uploads\/2024\/11\/673a393c43950e76339ef111-scaled.jpg\",\"width\":1920,\"height\":2560,\"caption\":\"Salon du Made in France 2024\"},{\"@type\":\"BreadcrumbList\",\"@id\":\"https:\/\/deglace.tech\/retour-du-salon-du-made-in-france-2024\/#breadcrumb\",\"itemListElement\":[{\"@type\":\"ListItem\",\"position\":1,\"name\":\"Accueil\",\"item\":\"https:\/\/deglace.tech\/\"},{\"@type\":\"ListItem\",\"position\":2,\"name\":\"Retour du Salon du Made in France 2024\"}]},{\"@type\":\"WebSite\",\"@id\":\"https:\/\/deglace.tech\/#website\",\"url\":\"https:\/\/deglace.tech\/\",\"name\":\"Deglace\",\"description\":\"Power within your hands\",\"publisher\":{\"@id\":\"https:\/\/deglace.tech\/#organization\"},\"potentialAction\":[{\"@type\":\"SearchAction\",\"target\":{\"@type\":\"EntryPoint\",\"urlTemplate\":\"https:\/\/deglace.tech\/?s={search_term_string}\"},\"query-input\":{\"@type\":\"PropertyValueSpecification\",\"valueRequired\":true,\"valueName\":\"search_term_string\"}}],\"inLanguage\":\"en-GB\"},{\"@type\":\"Organization\",\"@id\":\"https:\/\/deglace.tech\/#organization\",\"name\":\"Deglace\",\"url\":\"https:\/\/deglace.tech\/\",\"logo\":{\"@type\":\"ImageObject\",\"inLanguage\":\"en-GB\",\"@id\":\"https:\/\/deglace.tech\/#\/schema\/logo\/image\/\",\"url\":\"https:\/\/deglace.tech\/wp-content\/uploads\/2024\/10\/DEGLACE-LOGO-BLACK-2025.png\",\"contentUrl\":\"https:\/\/deglace.tech\/wp-content\/uploads\/2024\/10\/DEGLACE-LOGO-BLACK-2025.png\",\"width\":500,\"height\":112,\"caption\":\"Deglace\"},\"image\":{\"@id\":\"https:\/\/deglace.tech\/#\/schema\/logo\/image\/\"},\"sameAs\":[\"https:\/\/www.facebook.com\/profile.php?id=61553582349744\",\"https:\/\/www.instagram.com\/deglace.tech\/\",\"https:\/\/www.linkedin.com\/company\/deglace\/?originalSubdomain=fr\"]},{\"@type\":\"Person\",\"@id\":\"https:\/\/deglace.tech\/#\/schema\/person\/61e172957785c8334055a7b262e43f51\",\"name\":\"Aicha\",\"url\":\"https:\/\/deglace.tech\/en\/author\/aicha\/\"}]}<\/script>\n<!-- \/ Yoast SEO plugin. -->","yoast_head_json":{"title":"Retour du Salon du Made in France 2024 - Deglace","description":"Deglace au salon du Made in France 2024 pour pr\u00e9senter l'aspirateur Fraction, con\u00e7u pour ne jamais \u00eatre remplac\u00e9.","robots":{"index":"index","follow":"follow","max-snippet":"max-snippet:-1","max-image-preview":"max-image-preview:large","max-video-preview":"max-video-preview:-1"},"canonical":"https:\/\/deglace.tech\/en\/retour-du-salon-du-made-in-france-2024\/","og_locale":"en_GB","og_type":"article","og_title":"Retour du Salon du Made in France 2024 - Deglace","og_description":"Deglace au salon du Made in France 2024 pour pr\u00e9senter l'aspirateur Fraction, con\u00e7u pour ne jamais \u00eatre remplac\u00e9.","og_url":"https:\/\/deglace.tech\/en\/retour-du-salon-du-made-in-france-2024\/","og_site_name":"Deglace","article_publisher":"https:\/\/www.facebook.com\/profile.php?id=61553582349744","article_published_time":"2024-11-27T17:22:32+00:00","article_modified_time":"2025-06-01T16:32:32+00:00","og_image":[{"width":1920,"height":2560,"url":"https:\/\/deglace.tech\/wp-content\/uploads\/2024\/11\/673a393c43950e76339ef111-scaled.jpg","type":"image\/jpeg"}],"author":"Aicha","twitter_card":"summary_large_image","twitter_misc":{"Written by":"Aicha","Estimated reading time":"2 minutes"},"schema":{"@context":"https:\/\/schema.org","@graph":[{"@type":"Article","@id":"https:\/\/deglace.tech\/retour-du-salon-du-made-in-france-2024\/#article","isPartOf":{"@id":"https:\/\/deglace.tech\/retour-du-salon-du-made-in-france-2024\/"},"author":{"name":"Aicha","@id":"https:\/\/deglace.tech\/#\/schema\/person\/61e172957785c8334055a7b262e43f51"},"headline":"Retour du Salon du Made in France 2024","datePublished":"2024-11-27T17:22:32+00:00","dateModified":"2025-06-01T16:32:32+00:00","mainEntityOfPage":{"@id":"https:\/\/deglace.tech\/retour-du-salon-du-made-in-france-2024\/"},"wordCount":170,"publisher":{"@id":"https:\/\/deglace.tech\/#organization"},"image":{"@id":"https:\/\/deglace.tech\/retour-du-salon-du-made-in-france-2024\/#primaryimage"},"thumbnailUrl":"https:\/\/deglace.tech\/wp-content\/uploads\/2024\/11\/673a393c43950e76339ef111-scaled.jpg","articleSection":["Actualit\u00e9s","Nouvelles"],"inLanguage":"en-GB"},{"@type":"WebPage","@id":"https:\/\/deglace.tech\/retour-du-salon-du-made-in-france-2024\/","url":"https:\/\/deglace.tech\/retour-du-salon-du-made-in-france-2024\/","name":"Retour du Salon du Made in France 2024 - Deglace","isPartOf":{"@id":"https:\/\/deglace.tech\/#website"},"primaryImageOfPage":{"@id":"https:\/\/deglace.tech\/retour-du-salon-du-made-in-france-2024\/#primaryimage"},"image":{"@id":"https:\/\/deglace.tech\/retour-du-salon-du-made-in-france-2024\/#primaryimage"},"thumbnailUrl":"https:\/\/deglace.tech\/wp-content\/uploads\/2024\/11\/673a393c43950e76339ef111-scaled.jpg","datePublished":"2024-11-27T17:22:32+00:00","dateModified":"2025-06-01T16:32:32+00:00","description":"Deglace au salon du Made in France 2024 pour pr\u00e9senter l'aspirateur Fraction, con\u00e7u pour ne jamais \u00eatre remplac\u00e9.","breadcrumb":{"@id":"https:\/\/deglace.tech\/retour-du-salon-du-made-in-france-2024\/#breadcrumb"},"inLanguage":"en-GB","potentialAction":[{"@type":"ReadAction","target":["https:\/\/deglace.tech\/retour-du-salon-du-made-in-france-2024\/"]}]},{"@type":"ImageObject","inLanguage":"en-GB","@id":"https:\/\/deglace.tech\/retour-du-salon-du-made-in-france-2024\/#primaryimage","url":"https:\/\/deglace.tech\/wp-content\/uploads\/2024\/11\/673a393c43950e76339ef111-scaled.jpg","contentUrl":"https:\/\/deglace.tech\/wp-content\/uploads\/2024\/11\/673a393c43950e76339ef111-scaled.jpg","width":1920,"height":2560,"caption":"Salon du Made in France 2024"},{"@type":"BreadcrumbList","@id":"https:\/\/deglace.tech\/retour-du-salon-du-made-in-france-2024\/#breadcrumb","itemListElement":[{"@type":"ListItem","position":1,"name":"Accueil","item":"https:\/\/deglace.tech\/"},{"@type":"ListItem","position":2,"name":"Retour du Salon du Made in France 2024"}]},{"@type":"WebSite","@id":"https:\/\/deglace.tech\/#website","url":"https:\/\/deglace.tech\/","name":"Deglace","description":"Power within your hands","publisher":{"@id":"https:\/\/deglace.tech\/#organization"},"potentialAction":[{"@type":"SearchAction","target":{"@type":"EntryPoint","urlTemplate":"https:\/\/deglace.tech\/?s={search_term_string}"},"query-input":{"@type":"PropertyValueSpecification","valueRequired":true,"valueName":"search_term_string"}}],"inLanguage":"en-GB"},{"@type":"Organization","@id":"https:\/\/deglace.tech\/#organization","name":"Deglace","url":"https:\/\/deglace.tech\/","logo":{"@type":"ImageObject","inLanguage":"en-GB","@id":"https:\/\/deglace.tech\/#\/schema\/logo\/image\/","url":"https:\/\/deglace.tech\/wp-content\/uploads\/2024\/10\/DEGLACE-LOGO-BLACK-2025.png","contentUrl":"https:\/\/deglace.tech\/wp-content\/uploads\/2024\/10\/DEGLACE-LOGO-BLACK-2025.png","width":500,"height":112,"caption":"Deglace"},"image":{"@id":"https:\/\/deglace.tech\/#\/schema\/logo\/image\/"},"sameAs":["https:\/\/www.facebook.com\/profile.php?id=61553582349744","https:\/\/www.instagram.com\/deglace.tech\/","https:\/\/www.linkedin.com\/company\/deglace\/?originalSubdomain=fr"]},{"@type":"Person","@id":"https:\/\/deglace.tech\/#\/schema\/person\/61e172957785c8334055a7b262e43f51","name":"Aicha","url":"https:\/\/deglace.tech\/en\/author\/aicha\/"}]}},"_links":{"self":[{"href":"https:\/\/deglace.tech\/en\/wp-json\/wp\/v2\/posts\/7050","targetHints":{"allow":["GET"]}}],"collection":[{"href":"https:\/\/deglace.tech\/en\/wp-json\/wp\/v2\/posts"}],"about":[{"href":"https:\/\/deglace.tech\/en\/wp-json\/wp\/v2\/types\/post"}],"author":[{"embeddable":true,"href":"https:\/\/deglace.tech\/en\/wp-json\/wp\/v2\/users\/9"}],"replies":[{"embeddable":true,"href":"https:\/\/deglace.tech\/en\/wp-json\/wp\/v2\/comments?post=7050"}],"version-history":[{"count":5,"href":"https:\/\/deglace.tech\/en\/wp-json\/wp\/v2\/posts\/7050\/revisions"}],"predecessor-version":[{"id":7058,"href":"https:\/\/deglace.tech\/en\/wp-json\/wp\/v2\/posts\/7050\/revisions\/7058"}],"wp:featuredmedia":[{"embeddable":true,"href":"https:\/\/deglace.tech\/en\/wp-json\/wp\/v2\/media\/7051"}],"wp:attachment":[{"href":"https:\/\/deglace.tech\/en\/wp-json\/wp\/v2\/media?parent=7050"}],"wp:term":[{"taxonomy":"category","embeddable":true,"href":"https:\/\/deglace.tech\/en\/wp-json\/wp\/v2\/categories?post=7050"},{"taxonomy":"post_tag","embeddable":true,"href":"https:\/\/deglace.tech\/en\/wp-json\/wp\/v2\/tags?post=7050"}],"curies":[{"name":"wp","href":"https:\/\/api.w.org\/{rel}","templated":true}]}}